{"id":470,"date":"2024-10-11T12:43:02","date_gmt":"2024-10-11T12:43:02","guid":{"rendered":"https:\/\/catholicism.website\/es\/uncategorized\/reformas-del-concilio-vaticano-ii\/"},"modified":"2024-10-11T12:43:02","modified_gmt":"2024-10-11T12:43:02","slug":"reformas-del-concilio-vaticano-ii","status":"publish","type":"post","link":"https:\/\/catholicism.website\/es\/catolicismo\/reformas-del-concilio-vaticano-ii\/","title":{"rendered":"Reformas del Concilio Vaticano II"},"content":{"rendered":"<p><a href='https:\/\/catholicism.website\/catholicism\/vatican-ii-reforms\/'><button>English Version<\/button><\/a><\/p>\n<h1>Comprendiendo las Reformas del Vaticano II: Una Nueva Era para la Iglesia Cat\u00f3lica<\/h1>\n<p>Las Reformas del Vaticano II, conocidas formalmente como el Segundo Concilio Vaticano, representan un evento hist\u00f3rico en la <a href=\"https:\/\/catholicism.website\/es\/catolicismo\/linea-de-tiempo-de-la-historia-de-la-iglesia-catolica\/\">historia de la Iglesia Cat\u00f3lica<\/a>. Convocado por el Papa Juan XXIII de 1962 a 1965, este consejo ecum\u00e9nico busc\u00f3 abordar varios desaf\u00edos que enfrentaba la Iglesia y relacionarse m\u00e1s significativamente con el mundo moderno. Este conjunto integral de reformas transform\u00f3 las pr\u00e1cticas, la teolog\u00eda y el alcance de la Iglesia. En esta publicaci\u00f3n del blog, exploraremos la importancia de las Reformas del Vaticano II, sus documentos clave, su impacto en la liturgia, el ecumenismo y los laicos, y c\u00f3mo dan forma a la Iglesia hoy en d\u00eda.<\/p>\n<h2>\u00bfCu\u00e1les fueron las Reformas del Vaticano II?<\/h2>\n<p>El Segundo Concilio Vaticano fue una iniciativa innovadora destinada a abordar problemas contempor\u00e1neos dentro de la Iglesia y redefinir su relaci\u00f3n con el mundo. El concilio reuni\u00f3 a obispos, te\u00f3logos y observadores de todo el mundo, reflejando una comprensi\u00f3n diversa del catolicismo. El Vaticano II fue convocado para promover la renovaci\u00f3n y la unidad, y sus reformas est\u00e1n encapsuladas en varios documentos clave.<\/p>\n<h3>Documentos Clave del Vaticano II<\/h3>\n<ol>\n<li>\n<p><strong>Sacrosanctum Concilium<\/strong>: Este documento se centr\u00f3 en la reforma lit\u00fargica de la Iglesia. Busc\u00f3 fomentar la participaci\u00f3n activa de los laicos en la liturgia, promoviendo una comprensi\u00f3n m\u00e1s profunda de la <a href=\"https:\/\/catholicism.website\/es\/catolicismo\/el-significado-de-la-eucaristia\/\">Eucarist\u00eda<\/a> y otros sacramentos.<\/p>\n<\/li>\n<li>\n<p><strong>Lumen Gentium<\/strong>: Esta fue la Constituci\u00f3n Dogm\u00e1tica sobre la Iglesia, que abord\u00f3 la naturaleza y misi\u00f3n de la Iglesia en el mundo moderno. Enfatiz\u00f3 la Iglesia como un pueblo de Dios, alej\u00e1ndose de una estructura puramente jer\u00e1rquica.<\/p>\n<\/li>\n<li>\n<p><strong>Dei Verbum<\/strong>: Este documento trat\u00f3 sobre la revelaci\u00f3n divina y la importancia de las Escrituras en la vida de la Iglesia. El Vaticano II reafirm\u00f3 la significaci\u00f3n tanto de las Escrituras como de la Tradici\u00f3n en la fe cat\u00f3lica.<\/p>\n<\/li>\n<li>\n<p><strong>Nostra Aetate<\/strong>: A menudo referido como la Declaraci\u00f3n sobre la Relaci\u00f3n de la Iglesia con las Religiones No Cristianas, transform\u00f3 el enfoque de la Iglesia hacia otras fes, promoviendo el di\u00e1logo y el entendimiento en lugar del conflicto.<\/p>\n<\/li>\n<li>\n<p><strong>Gaudium et Spes<\/strong>: Esta constituci\u00f3n pastoral abord\u00f3 el compromiso de la Iglesia con cuestiones contempor\u00e1neas, incluyendo la justicia social, la paz y el papel de la Iglesia en la sociedad.<\/p>\n<\/li>\n<\/ol>\n<h2>El Impacto de las Reformas del Vaticano II en la Liturgia<\/h2>\n<p>Uno de los cambios m\u00e1s visibles realizados por las Reformas del Vaticano II fue en el \u00e1rea de la liturgia. Antes del concilio, la Misa se celebraba principalmente en lat\u00edn, lo que a menudo alienaba a los fieles. Sacrosanctum Concilium condujo a la implementaci\u00f3n de varios cambios esenciales:<\/p>\n<h3>\u00c9nfasis en el Vern\u00e1culo<\/h3>\n<p>El uso de lenguas vern\u00e1culas en la liturgia fue una de las decisiones innovadoras del concilio. Al permitir que la Misa se celebrara en idiomas locales, la Iglesia busc\u00f3 fomentar un sentido de comunidad e inclusividad. Este cambio hizo que la celebraci\u00f3n eucar\u00edstica fuera m\u00e1s accesible para los laicos y alent\u00f3 una mayor participaci\u00f3n.<\/p>\n<h3>Participaci\u00f3n Activa de los Laicos<\/h3>\n<p>El Vaticano II enfatiz\u00f3 que la participaci\u00f3n activa es integral para la experiencia lit\u00fargica. Las reformas alentaron a las congregaciones a participar en respuestas, <a href=\"https:\/\/catholicism.website\/es\/catolicismo\/oraciones-catolicas-famosas\/\">oraciones<\/a> y canciones, convirtiendo la Misa en un acto comunal de adoraci\u00f3n en lugar de una observaci\u00f3n pasiva. Este cambio ha ayudado a los cat\u00f3licos a desarrollar una conexi\u00f3n espiritual m\u00e1s profunda con la liturgia.<\/p>\n<h3>Revisiones a las Pr\u00e1cticas Lit\u00fargicas<\/h3>\n<p>Las Reformas del Vaticano II tambi\u00e9n llevaron a una reevaluaci\u00f3n de varias pr\u00e1cticas lit\u00fargicas. Muchos <a href=\"https:\/\/catholicism.website\/es\/catolicismo\/ritos-y-ceremonias-catolicas\/\">ritos<\/a> fueron simplificados, mientras que algunos, como la introducci\u00f3n del signo de paz, fueron mejorados para promover la comuni\u00f3n dentro de la congregaci\u00f3n. Estos cambios buscaban celebrar el aspecto comunitario de la Iglesia.<\/p>\n<h2>Promoviendo el Ecumenismo a Trav\u00e9s del Vaticano II<\/h2>\n<p>Uno de los objetivos significativos de las Reformas del Vaticano II fue fomentar el ecumenismo: el movimiento hacia la unidad entre las denominaciones cristianas. Nostra Aetate desempe\u00f1a un papel crucial en este esfuerzo al fomentar el di\u00e1logo entre la Iglesia Cat\u00f3lica y otras religiones.<\/p>\n<h3>Di\u00e1logo Interreligioso<\/h3>\n<p>El Vaticano II reconoci\u00f3 que la Iglesia Cat\u00f3lica deber\u00eda relacionarse positivamente con otras fes. Esto llev\u00f3 a una actitud m\u00e1s abierta hacia el juda\u00edsmo, el islam y otras religiones, promoviendo el respeto y la comprensi\u00f3n. La declaraci\u00f3n inspir\u00f3 muchas iniciativas y di\u00e1logos que buscaban construir puentes entre diferentes comunidades religiosas.<\/p>\n<h3>Iniciativas Ecum\u00e9nicas<\/h3>\n<p>El concilio inspir\u00f3 numerosos esfuerzos ecum\u00e9nicos dise\u00f1ados para fomentar la colaboraci\u00f3n entre denominaciones cristianas. Las iglesias comenzaron a trabajar juntas en temas sociales, discusiones teol\u00f3gicas y experiencias de adoraci\u00f3n compartida. Este movimiento hacia la unidad fue reforzado por los papados posteriores, enfatizando la importancia de trabajar hacia un testimonio <a href=\"https:\/\/catholicism.website\/es\/catolicismo\/catolico-vs-cristiano\/\">cristiano<\/a> com\u00fan.<\/p>\n<h2>Empoderando a los Laicos<\/h2>\n<p>Las Reformas del Vaticano II reconocieron el papel cr\u00edtico de los laicos en la vida de la Iglesia. Lumen Gentium destac\u00f3 la dignidad y el llamado de todos los cristianos bautizados a participar plenamente en la misi\u00f3n de la Iglesia.<\/p>\n<h3>Aumento de la Participaci\u00f3n Laica<\/h3>\n<p>Las reformas alentaron a los laicos a asumir roles m\u00e1s activos en la vida parroquial, incluyendo ministerios lit\u00fargicos, <a href=\"https:\/\/catholicism.website\/es\/catolicismo\/rol-de-la-educacion-catolica\/\">educaci\u00f3n<\/a> e iniciativas de justicia social. Este cambio reconoci\u00f3 que la Iglesia no es \u00fanicamente una instituci\u00f3n jer\u00e1rquica, sino una comunidad de creyentes trabajando juntos por el bien com\u00fan.<\/p>\n<h3>El Papel de los Laicos en la Misi\u00f3n de la Iglesia<\/h3>\n<p>Se llam\u00f3 a los cat\u00f3licos a abrazar su identidad bautismal, comprendiendo que tienen una misi\u00f3n \u00fanica en la Iglesia y en el mundo. Las Reformas del Vaticano II animaron a los laicos a participar en cuestiones sociales, abogando por la justicia, la paz y la caridad en la sociedad. Este cambio ha revitalizado las comunidades locales y promovido un sentido de misi\u00f3n compartida.<\/p>\n<h2>La Influencia a Largo Plazo de las Reformas del Vaticano II<\/h2>\n<p>El impacto de las Reformas del Vaticano II sigue sinti\u00e9ndose en la Iglesia Cat\u00f3lica de hoy. Las ense\u00f1anzas del concilio han inspirado nuevos enfoques para la teolog\u00eda, la atenci\u00f3n pastoral y el compromiso social. Muchos problemas contempor\u00e1neos, incluidos el di\u00e1logo interreligioso, la justicia social y el papel de las mujeres en la Iglesia, est\u00e1n influenciados por los principios delineados durante el Vaticano II.<\/p>\n<h3>Implementaci\u00f3n Continua de las Ense\u00f1anzas del Concilio<\/h3>\n<p>Si bien se ha logrado un progreso significativo, la implementaci\u00f3n de las ense\u00f1anzas del Vaticano II sigue siendo un proceso din\u00e1mico. Diferentes regiones y comunidades dentro de la Iglesia pueden interpretar las reformas de diversas maneras, lo que da lugar a una rica diversidad de expresiones de la fe cat\u00f3lica. Participar en esta conversaci\u00f3n sigue siendo importante a medida que la Iglesia contin\u00faa navegando su identidad en un mundo en r\u00e1pida transformaci\u00f3n.<\/p>\n<h3>Desaf\u00edos y Cr\u00edticas<\/h3>\n<p>A pesar del entusiasmo por las Reformas del Vaticano II, tambi\u00e9n ha habido desaf\u00edos. Algunos sectores de la comunidad cat\u00f3lica expresan preocupaciones de que las reformas llevaron a una p\u00e9rdida de pr\u00e1cticas y creencias tradicionales. Otros abogan por una integraci\u00f3n m\u00e1s profunda de las ense\u00f1anzas del concilio en la vida cotidiana de la Iglesia. El di\u00e1logo continuo dentro de la Iglesia es esencial para abordar estos desaf\u00edos y asegurar una implementaci\u00f3n fiel de la visi\u00f3n del Vaticano II.<\/p>\n<h2>Conclusi\u00f3n: El Legado de las Reformas del Vaticano II<\/h2>\n<p>Las Reformas del Vaticano II son m\u00e1s que solo eventos hist\u00f3ricos; representan una fase transformadora en el viaje de la Iglesia Cat\u00f3lica hacia la renovaci\u00f3n y el compromiso con el mundo moderno. A trav\u00e9s de su enfoque en la inclusividad lit\u00fargica, el ecumenismo y el empoderamiento de los laicos, el Vaticano II ha reconfigurado la identidad y la misi\u00f3n de la Iglesia. A medida que los cat\u00f3licos de todo el mundo contin\u00faan reflexionando sobre estas reformas, el esp\u00edritu del Vaticano II sigue vivo, invitando a la Iglesia a abrazar su llamado a la santidad, la unidad y el servicio en un paisaje en constante evoluci\u00f3n.<\/p>\n<p>El legado de las Reformas del Vaticano II no es est\u00e1tico; invita a una reflexi\u00f3n y adaptaci\u00f3n continuas para asegurar que la Iglesia siga siendo una comunidad vibrante y acogedora para todos. A trav\u00e9s de un compromiso constante con los principios establecidos en el concilio, los cat\u00f3licos pueden contribuir a un mundo m\u00e1s unificado y compasivo, resonando el mensaje transformador del Vaticano II para las generaciones venideras.<\/p>\n","protected":false},"excerpt":{"rendered":"<p>Explora las transformadoras reformas del Vaticano II que remodelaron la Iglesia Cat\u00f3lica, mejorando la liturgia, el ecumenismo y la participaci\u00f3n de los laicos para una experiencia de fe moderna.<\/p>\n","protected":false},"author":3,"featured_media":469,"comment_status":"open","ping_status":"open","sticky":false,"template":"","format":"standard","meta":{"footnotes":""},"categories":[3],"tags":[5],"class_list":["post-470","post","type-post","status-publish","format-standard","has-post-thumbnail","hentry","category-catolicismo","tag-catholicism"],"_links":{"self":[{"href":"https:\/\/catholicism.website\/es\/wp-json\/wp\/v2\/posts\/470","targetHints":{"allow":["GET"]}}],"collection":[{"href":"https:\/\/catholicism.website\/es\/wp-json\/wp\/v2\/posts"}],"about":[{"href":"https:\/\/catholicism.website\/es\/wp-json\/wp\/v2\/types\/post"}],"author":[{"embeddable":true,"href":"https:\/\/catholicism.website\/es\/wp-json\/wp\/v2\/users\/3"}],"replies":[{"embeddable":true,"href":"https:\/\/catholicism.website\/es\/wp-json\/wp\/v2\/comments?post=470"}],"version-history":[{"count":0,"href":"https:\/\/catholicism.website\/es\/wp-json\/wp\/v2\/posts\/470\/revisions"}],"wp:featuredmedia":[{"embeddable":true,"href":"https:\/\/catholicism.website\/es\/wp-json\/wp\/v2\/media\/469"}],"wp:attachment":[{"href":"https:\/\/catholicism.website\/es\/wp-json\/wp\/v2\/media?parent=470"}],"wp:term":[{"taxonomy":"category","embeddable":true,"href":"https:\/\/catholicism.website\/es\/wp-json\/wp\/v2\/categories?post=470"},{"taxonomy":"post_tag","embeddable":true,"href":"https:\/\/catholicism.website\/es\/wp-json\/wp\/v2\/tags?post=470"}],"curies":[{"name":"wp","href":"https:\/\/api.w.org\/{rel}","templated":true}]}}