{"id":451,"date":"2024-10-05T00:04:19","date_gmt":"2024-10-05T00:04:19","guid":{"rendered":"https:\/\/catholicism.website\/es\/uncategorized\/linea-de-tiempo-de-la-historia-de-la-iglesia-catolica\/"},"modified":"2024-11-12T13:44:35","modified_gmt":"2024-11-12T13:44:35","slug":"linea-de-tiempo-de-la-historia-de-la-iglesia-catolica","status":"publish","type":"post","link":"https:\/\/catholicism.website\/es\/catolicismo\/linea-de-tiempo-de-la-historia-de-la-iglesia-catolica\/","title":{"rendered":"L\u00ednea de tiempo de la historia de la Iglesia Cat\u00f3lica"},"content":{"rendered":"<p><a href=\"https:\/\/catholicism.website\/catholicism\/catholic-church-history-timeline\/\"><button>English Version<\/button><\/a><\/p>\n<h1>L\u00ednea de tiempo de la historia de la Iglesia Cat\u00f3lica: Un viaje a trav\u00e9s del tiempo<\/h1>\n<p>La historia de la Iglesia Cat\u00f3lica es una historia rica y compleja que abarca casi dos mil a\u00f1os. Entender su evoluci\u00f3n a lo largo de los siglos proporciona valiosas perspectivas sobre su papel en los asuntos mundiales, la cultura y el <a href=\"https:\/\/catholicism.website\/es\/catolicismo\/arte-y-arquitectura-catolicos\/\">arte<\/a>. Esta <strong>l\u00ednea de tiempo de la historia de la Iglesia Cat\u00f3lica<\/strong> tiene como objetivo iluminar los eventos y figuras clave que han dado forma a la Iglesia, ofreciendo contexto para su importancia e influencia en la actualidad. Ya seas un entusiasta de la historia, un estudiante de teolog\u00eda o est\u00e9s explorando tu fe, esta l\u00ednea de tiempo servir\u00e1 como una gu\u00eda completa sobre los momentos clave en la historia de la Iglesia Cat\u00f3lica.<\/p>\n<h2>Comienzos tempranos: La fundaci\u00f3n de la Iglesia (30-300 d.C.)<\/h2>\n<p>La <strong>Iglesia Cat\u00f3lica<\/strong> rastrea sus or\u00edgenes hasta el ministerio de Jesucristo en el siglo I d.C. Tras Su crucifixi\u00f3n, resurrecci\u00f3n y ascensi\u00f3n, los ap\u00f3stoles de Jes\u00fas comenzaron a difundir Sus ense\u00f1anzas. Los eventos clave durante este per\u00edodo incluyen:<\/p>\n<ul>\n<li><strong>30 d.C.<\/strong>: La fecha tradicional de Pentecost\u00e9s, cuando el Esp\u00edritu Santo descendi\u00f3 sobre los ap\u00f3stoles, marcando el nacimiento de la Iglesia.<\/li>\n<li><strong>50 d.C.<\/strong>: El Concilio de Jerusal\u00e9n, que aborda temas como la inclusi\u00f3n de los gentiles en la comunidad cristiana y la necesidad de adherirse a las leyes jud\u00edas.<\/li>\n<li><strong>64 d.C.<\/strong>: La persecuci\u00f3n de los cristianos comienza bajo el emperador Ner\u00f3n, marcando la primera ola significativa de pruebas para la Iglesia primitiva.<\/li>\n<li><strong>100 d.C.<\/strong>: La era apost\u00f3lica concluye a medida que los \u00faltimos ap\u00f3stoles fallecen, y el liderazgo de la Iglesia se transfiere a los obispos.<\/li>\n<\/ul>\n<p>Estos a\u00f1os formativos establecieron doctrinas y pr\u00e1cticas esenciales que definir\u00edan a la Iglesia Cat\u00f3lica.<\/p>\n<h2>El auge de la Iglesia: Cristianismo primitivo e influencia romana (300-500 d.C.)<\/h2>\n<p>A medida que el cristianismo se extend\u00eda por todo el Imperio Romano, gan\u00f3 tanto seguidores como enemigos. Los hitos significativos durante esta era incluyen:<\/p>\n<ul>\n<li><strong>313 d.C.<\/strong>: Se emite el Edicto de Mil\u00e1n por el emperador Constantino, otorgando tolerancia religiosa a los cristianos y permitiendo la adoraci\u00f3n abierta.<\/li>\n<li><strong>325 d.C.<\/strong>: Se convoca el Primer Concilio de Nicea, resultando en el Credo Niceno, que esboza las creencias fundamentales del cristianismo y contrarresta el arrianismo.<\/li>\n<li><strong>380 d.C.<\/strong>: El cristianismo es declarado la religi\u00f3n oficial del Imperio Romano bajo el emperador Teodosio I, consolidando la influencia de la Iglesia en las esferas pol\u00edticas y sociales.<\/li>\n<\/ul>\n<p>Durante estos siglos, la Iglesia Cat\u00f3lica comenz\u00f3 a organizar su estructura, desarrollando el clero y estableciendo pr\u00e1cticas lit\u00fargicas.<\/p>\n<h2>La Edad Media: La expansi\u00f3n de la Iglesia Cat\u00f3lica (500-1500 d.C.)<\/h2>\n<p>La <strong>Edad Media<\/strong> fue un per\u00edodo de gran transformaci\u00f3n y consolidaci\u00f3n para la Iglesia Cat\u00f3lica. Los eventos clave incluyen:<\/p>\n<ul>\n<li><strong>590 d.C.<\/strong>: El Papa Gregorio I comienza su papado, conocido por reformar la Iglesia y promover el Canto Gregoriano.<\/li>\n<li><strong>800 d.C.<\/strong>: Carlomagno es coronado por el Papa Le\u00f3n III, marcando la alianza entre el papado y los poderes seculares que dar\u00edan forma a Europa.<\/li>\n<li><strong>1054 d.C.<\/strong>: Ocurre el Gran Cisma, que conduce a la divisi\u00f3n formal entre la Iglesia Cat\u00f3lica Romana y la Iglesia Ortodoxa Oriental, un momento pivotal en la <strong>historia de la Iglesia<\/strong>.<\/li>\n<li><strong>1095 d.C.<\/strong>: El Papa Urbano II convoca la Primera Cruzada, con el objetivo de recuperar la Tierra Santa del control musulm\u00e1n, ampliando a\u00fan m\u00e1s la influencia de la Iglesia en Europa y en el Medio Oriente.<\/li>\n<li><strong>1215 d.C.<\/strong>: Se celebra el Cuarto Concilio de Letr\u00e1n, produciendo reformas significativas en la Iglesia y el establecimiento de la doctrina de la transubstanciaci\u00f3n.<\/li>\n<\/ul>\n<p>La Iglesia Cat\u00f3lica desempe\u00f1a un papel central en la vida europea durante la Edad Media, influyendo en la <a href=\"https:\/\/catholicism.website\/es\/catolicismo\/rol-de-la-educacion-catolica\/\">educaci\u00f3n<\/a>, la pol\u00edtica y la cultura.<\/p>\n<h2>El Renacimiento y la Reforma: Desaf\u00edos y cambios (1500-1650 d.C.)<\/h2>\n<p>El <strong>Renacimiento<\/strong> y la <strong>Reforma<\/strong> traen profundos cambios y desaf\u00edos a la Iglesia Cat\u00f3lica:<\/p>\n<ul>\n<li><strong>1517 d.C.<\/strong>: Mart\u00edn Lutero clava sus Noventa y Cinco Tesis en la puerta de la iglesia, provocando la Reforma <a href=\"https:\/\/catholicism.website\/es\/catolicismo\/historia-de-la-reforma-protestante\/\">Protestante<\/a>, que desaf\u00eda las pr\u00e1cticas y ense\u00f1anzas de la Iglesia Cat\u00f3lica.<\/li>\n<li><strong>1534 d.C.<\/strong>: La Ley de Supremac\u00eda declara al Rey Enrique VIII como el Jefe Supremo de la Iglesia de Inglaterra, marcando una ruptura significativa con el catolicismo.<\/li>\n<li><strong>1545-1563 d.C.<\/strong>: Se convoca el Concilio de Trento como respuesta a la Reforma, abordando abusos y reafirmando la doctrina cat\u00f3lica, lo cual ayuda a revitalizar la Iglesia.<\/li>\n<\/ul>\n<p>Esta era se caracteriza por reflexiones internas y conflictos externos, formando profundamente los sistemas de creencias de generaciones futuras.<\/p>\n<h2>Era moderna: La Iglesia Cat\u00f3lica en el mundo contempor\u00e1neo (1650-Presente)<\/h2>\n<p>La relaci\u00f3n entre la Iglesia Cat\u00f3lica y la sociedad continu\u00f3 evolucionando a lo largo de la <strong>Era Moderna<\/strong>:<\/p>\n<ul>\n<li><strong>1870 d.C.<\/strong>: El Primer Concilio Vaticano aborda la doctrina de la infalibilidad papal, afirmando la autoridad del Papa en cuestiones de fe y moral al hablar ex cathedra.<\/li>\n<li><strong>1962-1965 d.C.<\/strong>: El Segundo Concilio Vaticano (Vaticano II) busca modernizar las pr\u00e1cticas de la Iglesia, promoviendo el compromiso con el mundo contempor\u00e1neo y el di\u00e1logo ecum\u00e9nico.<\/li>\n<li><strong>1986 d.C.<\/strong>: El Papa Juan Pablo II celebra el primer D\u00eda Mundial de Oraci\u00f3n por la Paz, fomentando el di\u00e1logo interreligioso y enfatizando los derechos humanos.<\/li>\n<li><strong>2013 d.C.<\/strong>: Es elegido el Papa Francisco, rompiendo la tradici\u00f3n con su enfoque en la humildad y la justicia social, y llamando a una Iglesia m\u00e1s inclusiva.<\/li>\n<\/ul>\n<p>A lo largo del siglo XX y XXI, la Iglesia Cat\u00f3lica se ha comprometido con cuestiones sociales apremiantes como la pobreza, la migraci\u00f3n y la responsabilidad ambiental, esforz\u00e1ndose por mantener relevancia en un mundo cada vez m\u00e1s secular.<\/p>\n<h2>Conclusi\u00f3n: Reflexionando sobre la l\u00ednea de tiempo de la historia de la Iglesia Cat\u00f3lica<\/h2>\n<p>La l\u00ednea de tiempo de la <strong>historia de la Iglesia Cat\u00f3lica<\/strong> no es solo una secuencia de eventos; encapsula las pruebas, triunfos y transformaciones de una fe que ha moldeado civilizaciones. Desde sus humildes comienzos hasta su actual presencia global, la Iglesia Cat\u00f3lica ha navegado por las complejidades de la historia mientras manten\u00eda sus doctrinas fundamentales.<\/p>\n<p>Al reflexionar sobre esta l\u00ednea de tiempo, reconocemos las figuras significativas, los concilios y los momentos que han influido en las ense\u00f1anzas y pr\u00e1cticas cat\u00f3licas. Entender este contexto hist\u00f3rico permite tanto a creyentes como a no creyentes apreciar el papel de la Iglesia en la sociedad y su misi\u00f3n continua en el mundo moderno.<\/p>\n<p>Si est\u00e1s interesado en aprender m\u00e1s sobre eventos espec\u00edficos, santos o per\u00edodos en la historia de la Iglesia Cat\u00f3lica, no dudes en profundizar en fuentes y art\u00edculos acad\u00e9micos que exploren este fascinante viaje m\u00e1s a fondo. La historia de la Iglesia Cat\u00f3lica es un testimonio de resiliencia, fe y la b\u00fasqueda perdurable de comprensi\u00f3n y conexi\u00f3n a trav\u00e9s de las generaciones.<\/p>\n","protected":false},"excerpt":{"rendered":"<p>Explora la **l\u00ednea de tiempo de la historia de la Iglesia Cat\u00f3lica** en nuestra gu\u00eda completa. Descubre eventos clave, figuras y transformaciones a lo largo de **2,000 a\u00f1os** de fe e influencia.<\/p>\n","protected":false},"author":3,"featured_media":450,"comment_status":"open","ping_status":"open","sticky":false,"template":"","format":"standard","meta":{"footnotes":""},"categories":[3],"tags":[5],"class_list":["post-451","post","type-post","status-publish","format-standard","has-post-thumbnail","hentry","category-catolicismo","tag-catholicism"],"_links":{"self":[{"href":"https:\/\/catholicism.website\/es\/wp-json\/wp\/v2\/posts\/451","targetHints":{"allow":["GET"]}}],"collection":[{"href":"https:\/\/catholicism.website\/es\/wp-json\/wp\/v2\/posts"}],"about":[{"href":"https:\/\/catholicism.website\/es\/wp-json\/wp\/v2\/types\/post"}],"author":[{"embeddable":true,"href":"https:\/\/catholicism.website\/es\/wp-json\/wp\/v2\/users\/3"}],"replies":[{"embeddable":true,"href":"https:\/\/catholicism.website\/es\/wp-json\/wp\/v2\/comments?post=451"}],"version-history":[{"count":1,"href":"https:\/\/catholicism.website\/es\/wp-json\/wp\/v2\/posts\/451\/revisions"}],"predecessor-version":[{"id":617,"href":"https:\/\/catholicism.website\/es\/wp-json\/wp\/v2\/posts\/451\/revisions\/617"}],"wp:featuredmedia":[{"embeddable":true,"href":"https:\/\/catholicism.website\/es\/wp-json\/wp\/v2\/media\/450"}],"wp:attachment":[{"href":"https:\/\/catholicism.website\/es\/wp-json\/wp\/v2\/media?parent=451"}],"wp:term":[{"taxonomy":"category","embeddable":true,"href":"https:\/\/catholicism.website\/es\/wp-json\/wp\/v2\/categories?post=451"},{"taxonomy":"post_tag","embeddable":true,"href":"https:\/\/catholicism.website\/es\/wp-json\/wp\/v2\/tags?post=451"}],"curies":[{"name":"wp","href":"https:\/\/api.w.org\/{rel}","templated":true}]}}